{"id":739,"date":"2026-01-24T17:11:12","date_gmt":"2026-01-24T16:11:12","guid":{"rendered":"https:\/\/librairielebazarutopique.fr\/?p=739"},"modified":"2026-01-24T17:11:12","modified_gmt":"2026-01-24T16:11:12","slug":"philo-pop-le-mercredi-28-janvier-a-19-h-30","status":"publish","type":"post","link":"https:\/\/librairielebazarutopique.fr\/index.php\/2026\/01\/24\/philo-pop-le-mercredi-28-janvier-a-19-h-30\/","title":{"rendered":"Philo pop le mercredi 28 janvier \u00e0 19 h 30"},"content":{"rendered":"\n<p>Le rendez-vous mensuel du bazar utopique, \u201cPhilo pop\u201d, une soir\u00e9e pour \u00e9changer de mani\u00e8re accessible et simple autour de la philosophie. Le th\u00e8me de cette soir\u00e9e est <strong>\u00ab\u00a0<strong>Qu\u2019est-que l\u2019intelligence ?<\/strong>\u00a0\u00bb<\/strong><\/p>\n\n\n\n<p>Avec l\u2019\u00e9mergence et la diffusion rapide de l\u2019I.A., qui promet (ou menace) de r\u00e9volutionner d\u2019importants aspects de nos vies &#8211; du travail \u00e0 la cr\u00e9ation en passant par le rapport aux institutions qui nous gouvernent -, il est de mise de s\u2019interroger sur ce qu\u2019est r\u00e9ellement l\u2019intelligence : Est-ce une propri\u00e9t\u00e9 exclusivement humaine, voire ce qui d\u00e9finit l\u2019\u00eatre humain comme le pensaient les philosophes grecs? Est-ce seulement quelque chose de rationnel? Est-il possible de ne pas \u00eatre intelligent du tout? En quel sens une machine peut-elle \u00eatre dite \u00ab intelligente \u00bb?<\/p>\n\n\n\n<p>Les animations du soir sont suivies d\u2019un temps convivial, nous offrirons un verre, vous pouvez compl\u00e9ter le buffet avec vos sp\u00e9cialit\u00e9s \u00e0 manger ou \u00e0 boire !<\/p>\n\n\n\n<p>Pour les animations, nous vous invitons \u00e0 vous inscrire, soit en passant \u00e0 la librairie, soit par mail : contact@librairielebazarutopique.fr et nous vous rappelons qu\u2019elles sont toutes gratuites!<\/p>\n","protected":false},"excerpt":{"rendered":"<p>Le rendez-vous mensuel du bazar utopique, \u201cPhilo pop\u201d, une soir\u00e9e pour \u00e9changer de mani\u00e8re accessible et simple autour de la philosophie. Le th\u00e8me [&hellip;]<\/p>\n","protected":false},"author":1,"featured_media":441,"comment_status":"open","ping_status":"open","sticky":false,"template":"","format":"standard","meta":{"footnotes":""},"categories":[8],"tags":[],"class_list":["post-739","post","type-post","status-publish","format-standard","has-post-thumbnail","hentry","category-actualites"],"_links":{"self":[{"href":"https:\/\/librairielebazarutopique.fr\/index.php\/wp-json\/wp\/v2\/posts\/739","targetHints":{"allow":["GET"]}}],"collection":[{"href":"https:\/\/librairielebazarutopique.fr\/index.php\/wp-json\/wp\/v2\/posts"}],"about":[{"href":"https:\/\/librairielebazarutopique.fr\/index.php\/wp-json\/wp\/v2\/types\/post"}],"author":[{"embeddable":true,"href":"https:\/\/librairielebazarutopique.fr\/index.php\/wp-json\/wp\/v2\/users\/1"}],"replies":[{"embeddable":true,"href":"https:\/\/librairielebazarutopique.fr\/index.php\/wp-json\/wp\/v2\/comments?post=739"}],"version-history":[{"count":1,"href":"https:\/\/librairielebazarutopique.fr\/index.php\/wp-json\/wp\/v2\/posts\/739\/revisions"}],"predecessor-version":[{"id":740,"href":"https:\/\/librairielebazarutopique.fr\/index.php\/wp-json\/wp\/v2\/posts\/739\/revisions\/740"}],"wp:featuredmedia":[{"embeddable":true,"href":"https:\/\/librairielebazarutopique.fr\/index.php\/wp-json\/wp\/v2\/media\/441"}],"wp:attachment":[{"href":"https:\/\/librairielebazarutopique.fr\/index.php\/wp-json\/wp\/v2\/media?parent=739"}],"wp:term":[{"taxonomy":"category","embeddable":true,"href":"https:\/\/librairielebazarutopique.fr\/index.php\/wp-json\/wp\/v2\/categories?post=739"},{"taxonomy":"post_tag","embeddable":true,"href":"https:\/\/librairielebazarutopique.fr\/index.php\/wp-json\/wp\/v2\/tags?post=739"}],"curies":[{"name":"wp","href":"https:\/\/api.w.org\/{rel}","templated":true}]}}