{"id":699,"date":"2025-09-24T17:49:57","date_gmt":"2025-09-24T15:49:57","guid":{"rendered":"https:\/\/librairielebazarutopique.fr\/?p=699"},"modified":"2025-09-24T17:49:57","modified_gmt":"2025-09-24T15:49:57","slug":"philo-pop-le-mercredi-1er-octobre","status":"publish","type":"post","link":"https:\/\/librairielebazarutopique.fr\/index.php\/2025\/09\/24\/philo-pop-le-mercredi-1er-octobre\/","title":{"rendered":"Philo pop le mercredi 1er octobre"},"content":{"rendered":"\n<p>Le rendez-vous mensuel du bazar utopique, \u201cPhilo pop\u201d, une soir\u00e9e pour \u00e9changer de mani\u00e8re accessible et simple autour de la philosophie. <strong>Le th\u00e8me de cette soir\u00e9e est<\/strong> <strong>&#8220;\u00c0 quoi accordons-nous de la valeur ? &#8220;<\/strong><\/p>\n\n\n\n<p>\u00ab&nbsp;L\u2019id\u00e9e de valeur traverse notre soci\u00e9t\u00e9 de part en part et fa\u00e7onne \u00e0 plusieurs \u00e9gards notre rapport au monde &#8211; qu\u2019il s\u2019agisse de la valeur comprise comme ce qui permet l\u2019\u00e9change commercial, centrale pour notre syst\u00e8me \u00e9conomique, ou du terme de \u00ab&nbsp;valeurs&nbsp;\u00bb, d\u00e9notant un ensemble de choix subjectifs auquel semble se r\u00e9duire notre compr\u00e9hension de la morale. Mais comment d\u00e9cider ce qui m\u00e9rite que nous lui accordions de la \u00ab&nbsp;valeur&nbsp;\u00bb? Quelles r\u00e8gles gouvernent la cr\u00e9ation de cet attachement individuel et collectif \u00e0 certaines choses ou id\u00e9es plus qu\u2019\u00e0 d\u2019autres?<\/p>\n\n\n\n<p>Les animations du soir sont suivies d\u2019un temps convivial, nous offrirons un verre, vous pouvez compl\u00e9ter le buffet avec vos sp\u00e9cialit\u00e9s \u00e0 manger ou \u00e0 boire !<\/p>\n\n\n\n<p>Pour les animations, nous vous invitons \u00e0 vous inscrire, soit en passant \u00e0 la librairie, soit par mail : contact@librairielebazarutopique.fr et nous vous rappelons qu\u2019elles sont toutes gratuites!<\/p>\n","protected":false},"excerpt":{"rendered":"<p>Le rendez-vous mensuel du bazar utopique, \u201cPhilo pop\u201d, une soir\u00e9e pour \u00e9changer de mani\u00e8re accessible et simple autour de la philosophie. Le th\u00e8me [&hellip;]<\/p>\n","protected":false},"author":1,"featured_media":441,"comment_status":"open","ping_status":"open","sticky":false,"template":"","format":"standard","meta":{"footnotes":""},"categories":[8],"tags":[],"class_list":["post-699","post","type-post","status-publish","format-standard","has-post-thumbnail","hentry","category-actualites"],"_links":{"self":[{"href":"https:\/\/librairielebazarutopique.fr\/index.php\/wp-json\/wp\/v2\/posts\/699","targetHints":{"allow":["GET"]}}],"collection":[{"href":"https:\/\/librairielebazarutopique.fr\/index.php\/wp-json\/wp\/v2\/posts"}],"about":[{"href":"https:\/\/librairielebazarutopique.fr\/index.php\/wp-json\/wp\/v2\/types\/post"}],"author":[{"embeddable":true,"href":"https:\/\/librairielebazarutopique.fr\/index.php\/wp-json\/wp\/v2\/users\/1"}],"replies":[{"embeddable":true,"href":"https:\/\/librairielebazarutopique.fr\/index.php\/wp-json\/wp\/v2\/comments?post=699"}],"version-history":[{"count":1,"href":"https:\/\/librairielebazarutopique.fr\/index.php\/wp-json\/wp\/v2\/posts\/699\/revisions"}],"predecessor-version":[{"id":700,"href":"https:\/\/librairielebazarutopique.fr\/index.php\/wp-json\/wp\/v2\/posts\/699\/revisions\/700"}],"wp:featuredmedia":[{"embeddable":true,"href":"https:\/\/librairielebazarutopique.fr\/index.php\/wp-json\/wp\/v2\/media\/441"}],"wp:attachment":[{"href":"https:\/\/librairielebazarutopique.fr\/index.php\/wp-json\/wp\/v2\/media?parent=699"}],"wp:term":[{"taxonomy":"category","embeddable":true,"href":"https:\/\/librairielebazarutopique.fr\/index.php\/wp-json\/wp\/v2\/categories?post=699"},{"taxonomy":"post_tag","embeddable":true,"href":"https:\/\/librairielebazarutopique.fr\/index.php\/wp-json\/wp\/v2\/tags?post=699"}],"curies":[{"name":"wp","href":"https:\/\/api.w.org\/{rel}","templated":true}]}}