{"id":627,"date":"2025-07-26T11:36:59","date_gmt":"2025-07-26T09:36:59","guid":{"rendered":"https:\/\/librairielebazarutopique.fr\/?p=627"},"modified":"2025-07-26T11:36:59","modified_gmt":"2025-07-26T09:36:59","slug":"vacances","status":"publish","type":"post","link":"https:\/\/librairielebazarutopique.fr\/index.php\/2025\/07\/26\/vacances\/","title":{"rendered":"Vacances"},"content":{"rendered":"\n<p>La librairie le Bazar Utopique fait sa pause estivale nous serons ferm\u00e9s pour <strong>cong\u00e9s \u00e0 partir du mardi 5 ao\u00fbt, r\u00e9ouverture le mardi 26 ao\u00fbt<\/strong> \u00e0 10 h. <\/p>\n\n\n\n<p><strong>Attention<\/strong>, la librairie sera aussi <strong>ferm\u00e9e pour inventaire le jeudi 31 juillet<\/strong> toute la journ\u00e9e. <\/p>\n\n\n\n<p>Vous pouvez aussi commencer \u00e0 pr\u00e9parer la rentr\u00e9e, avec son lot de commandes de livres et manuels scolaires.\u00a0 <strong>N&#8217;h\u00e9sitez pas \u00e0 anticiper en passant \u00e0 la librairie ou bien en passant par les sites <a href=\"https:\/\/www.placedeslibraires.fr\/magasins\/bagneux\/Le-bazar-utopique-3419\/\" target=\"_blank\" rel=\"noreferrer noopener\">Place des libraires<\/a> et <a href=\"https:\/\/www.parislibrairies.fr\/magasins\/bagneux\/Le-bazar-utopique-3419\/\" target=\"_blank\" rel=\"noreferrer noopener\">paris librairies<\/a>, cela permet d&#8217;\u00e9viter l&#8217;engorgement de la rentr\u00e9e et ses retards, rupture et stocks et r\u00e9impressions.<\/strong><\/p>\n\n\n\n<p>Nous vous souhaitons un excellent \u00e9t\u00e9. <br><br><br><\/p>\n","protected":false},"excerpt":{"rendered":"<p>La librairie le Bazar Utopique fait sa pause estivale nous serons ferm\u00e9s pour cong\u00e9s \u00e0 partir du mardi 5 ao\u00fbt, r\u00e9ouverture le mardi [&hellip;]<\/p>\n","protected":false},"author":1,"featured_media":628,"comment_status":"open","ping_status":"open","sticky":false,"template":"","format":"standard","meta":{"footnotes":""},"categories":[8],"tags":[],"class_list":["post-627","post","type-post","status-publish","format-standard","has-post-thumbnail","hentry","category-actualites"],"_links":{"self":[{"href":"https:\/\/librairielebazarutopique.fr\/index.php\/wp-json\/wp\/v2\/posts\/627","targetHints":{"allow":["GET"]}}],"collection":[{"href":"https:\/\/librairielebazarutopique.fr\/index.php\/wp-json\/wp\/v2\/posts"}],"about":[{"href":"https:\/\/librairielebazarutopique.fr\/index.php\/wp-json\/wp\/v2\/types\/post"}],"author":[{"embeddable":true,"href":"https:\/\/librairielebazarutopique.fr\/index.php\/wp-json\/wp\/v2\/users\/1"}],"replies":[{"embeddable":true,"href":"https:\/\/librairielebazarutopique.fr\/index.php\/wp-json\/wp\/v2\/comments?post=627"}],"version-history":[{"count":1,"href":"https:\/\/librairielebazarutopique.fr\/index.php\/wp-json\/wp\/v2\/posts\/627\/revisions"}],"predecessor-version":[{"id":629,"href":"https:\/\/librairielebazarutopique.fr\/index.php\/wp-json\/wp\/v2\/posts\/627\/revisions\/629"}],"wp:featuredmedia":[{"embeddable":true,"href":"https:\/\/librairielebazarutopique.fr\/index.php\/wp-json\/wp\/v2\/media\/628"}],"wp:attachment":[{"href":"https:\/\/librairielebazarutopique.fr\/index.php\/wp-json\/wp\/v2\/media?parent=627"}],"wp:term":[{"taxonomy":"category","embeddable":true,"href":"https:\/\/librairielebazarutopique.fr\/index.php\/wp-json\/wp\/v2\/categories?post=627"},{"taxonomy":"post_tag","embeddable":true,"href":"https:\/\/librairielebazarutopique.fr\/index.php\/wp-json\/wp\/v2\/tags?post=627"}],"curies":[{"name":"wp","href":"https:\/\/api.w.org\/{rel}","templated":true}]}}