{"id":358,"date":"2024-05-04T15:32:53","date_gmt":"2024-05-04T13:32:53","guid":{"rendered":"http:\/\/librairielebazarutopique.fr\/?p=358"},"modified":"2024-05-04T15:39:10","modified_gmt":"2024-05-04T13:39:10","slug":"rencontre-avec-nathalie-quintane-2","status":"publish","type":"post","link":"https:\/\/librairielebazarutopique.fr\/index.php\/2024\/05\/04\/rencontre-avec-nathalie-quintane-2\/","title":{"rendered":"Rencontre avec Nathalie Quintane"},"content":{"rendered":"\n<p><strong>Le vendredi 24 mai 2024<\/strong> \u00e0 19 h 30, une nouvelle rencontre litt\u00e9raire au bazar utopique avec Nathalie Quintane autour de ses derni\u00e8res parutions: \u201cTout va bien se passer\u201d, <a href=\"https:\/\/www.pol-editeur.com\/\">\u00e9ditions P.O.L<\/a> et \u201cContre la litt\u00e9rature politique\u201d, <a href=\"https:\/\/lafabrique.fr\/\">\u00e9ditions La Fabrique<\/a>, livre collectif.<\/p>\n\n\n\n<figure class=\"wp-block-image size-full is-resized\"><img loading=\"lazy\" decoding=\"async\" width=\"691\" height=\"503\" src=\"http:\/\/librairielebazarutopique.fr\/wp-content\/uploads\/2024\/03\/Sans-titre-1.jpg\" alt=\"\" class=\"wp-image-330\" style=\"width:513px;height:auto\" srcset=\"https:\/\/librairielebazarutopique.fr\/wp-content\/uploads\/2024\/03\/Sans-titre-1.jpg 691w, https:\/\/librairielebazarutopique.fr\/wp-content\/uploads\/2024\/03\/Sans-titre-1-300x218.jpg 300w\" sizes=\"auto, (max-width: 691px) 100vw, 691px\" \/><\/figure>\n\n\n\n<p>Nous parlerons aussi de son livre \u201cClub bizarre\u201d aux \u00e9ditions Pli, co\u00e9crit avec <a href=\"http:\/\/www.documentsdartistes.org\/artistes\/berard\/repro.html\">St\u00e9phane B\u00e9rard<\/a>, artiste plasticien qui sera pr\u00e9sent.<\/p>\n\n\n\n<figure class=\"wp-block-image size-full\"><img loading=\"lazy\" decoding=\"async\" width=\"340\" height=\"523\" src=\"http:\/\/librairielebazarutopique.fr\/wp-content\/uploads\/2024\/03\/5393.jpeg\" alt=\"\" class=\"wp-image-331\" srcset=\"https:\/\/librairielebazarutopique.fr\/wp-content\/uploads\/2024\/03\/5393.jpeg 340w, https:\/\/librairielebazarutopique.fr\/wp-content\/uploads\/2024\/03\/5393-195x300.jpeg 195w\" sizes=\"auto, (max-width: 340px) 100vw, 340px\" \/><\/figure>\n","protected":false},"excerpt":{"rendered":"<p>Le vendredi 24 mai 2024 \u00e0 19 h 30, une nouvelle rencontre litt\u00e9raire au bazar utopique avec Nathalie Quintane autour de ses derni\u00e8res [&hellip;]<\/p>\n","protected":false},"author":1,"featured_media":332,"comment_status":"open","ping_status":"open","sticky":false,"template":"","format":"standard","meta":{"footnotes":""},"categories":[8],"tags":[],"class_list":["post-358","post","type-post","status-publish","format-standard","has-post-thumbnail","hentry","category-actualites"],"_links":{"self":[{"href":"https:\/\/librairielebazarutopique.fr\/index.php\/wp-json\/wp\/v2\/posts\/358","targetHints":{"allow":["GET"]}}],"collection":[{"href":"https:\/\/librairielebazarutopique.fr\/index.php\/wp-json\/wp\/v2\/posts"}],"about":[{"href":"https:\/\/librairielebazarutopique.fr\/index.php\/wp-json\/wp\/v2\/types\/post"}],"author":[{"embeddable":true,"href":"https:\/\/librairielebazarutopique.fr\/index.php\/wp-json\/wp\/v2\/users\/1"}],"replies":[{"embeddable":true,"href":"https:\/\/librairielebazarutopique.fr\/index.php\/wp-json\/wp\/v2\/comments?post=358"}],"version-history":[{"count":1,"href":"https:\/\/librairielebazarutopique.fr\/index.php\/wp-json\/wp\/v2\/posts\/358\/revisions"}],"predecessor-version":[{"id":361,"href":"https:\/\/librairielebazarutopique.fr\/index.php\/wp-json\/wp\/v2\/posts\/358\/revisions\/361"}],"wp:featuredmedia":[{"embeddable":true,"href":"https:\/\/librairielebazarutopique.fr\/index.php\/wp-json\/wp\/v2\/media\/332"}],"wp:attachment":[{"href":"https:\/\/librairielebazarutopique.fr\/index.php\/wp-json\/wp\/v2\/media?parent=358"}],"wp:term":[{"taxonomy":"category","embeddable":true,"href":"https:\/\/librairielebazarutopique.fr\/index.php\/wp-json\/wp\/v2\/categories?post=358"},{"taxonomy":"post_tag","embeddable":true,"href":"https:\/\/librairielebazarutopique.fr\/index.php\/wp-json\/wp\/v2\/tags?post=358"}],"curies":[{"name":"wp","href":"https:\/\/api.w.org\/{rel}","templated":true}]}}