{"id":209,"date":"2023-05-18T12:23:00","date_gmt":"2023-05-18T10:23:00","guid":{"rendered":"http:\/\/librairielebazarutopique.fr\/?p=209"},"modified":"2023-05-18T12:23:00","modified_gmt":"2023-05-18T10:23:00","slug":"lionel-shriver-a-prendre-ou-a-laisser","status":"publish","type":"post","link":"https:\/\/librairielebazarutopique.fr\/index.php\/2023\/05\/18\/lionel-shriver-a-prendre-ou-a-laisser\/","title":{"rendered":"Lionel Shriver \u00ab\u00a0A prendre ou \u00e0 laisser\u00a0\u00bb"},"content":{"rendered":"\n<p>Lionel Shriver \u00ab&nbsp;A prendre ou \u00e0 laisser&nbsp;\u00bb, \u00e9ditions Belfond<\/p>\n\n\n\n<p>Kay et Cyril d\u00e9cident de mettre fin \u00e0 leurs jours ensemble \u00e0 leurs quavre-vingt ans. Dans ce roman enlv\u00e9, ironique et tendre Lionel Shriver imagine en plusieurs chapitres tr\u00e8s imaginatifs les diff\u00e9rentes hypoth\u00e8ses de la r\u00e9alisation, ou non, de ce projet.<\/p>\n\n\n\n<figure class=\"wp-block-image size-full is-resized\"><img loading=\"lazy\" decoding=\"async\" src=\"http:\/\/librairielebazarutopique.fr\/wp-content\/uploads\/2023\/05\/A-prendre-ou-a-laier.jpg\" alt=\"\" class=\"wp-image-210\" width=\"218\" height=\"350\" srcset=\"https:\/\/librairielebazarutopique.fr\/wp-content\/uploads\/2023\/05\/A-prendre-ou-a-laier.jpg 400w, https:\/\/librairielebazarutopique.fr\/wp-content\/uploads\/2023\/05\/A-prendre-ou-a-laier-187x300.jpg 187w\" sizes=\"auto, (max-width: 218px) 100vw, 218px\" \/><\/figure>\n\n\n\n<p>Extrait&nbsp;:<\/p>\n\n\n\n<p>\u00ab&nbsp;<em>Je me rends compte aujourd\u2019hui que ce qui me chiffonnait dans la maison de retraite de ma m\u00e8re, ce n\u2019\u00e9tait pas tant l\u2019architecture minable ou la nourriture infecte. Quelle que soit la fa\u00e7on dont on les habille, ces \u00e9tablissements ne sont que des entrep\u00f4ts o\u00f9 on attend la mort. Qu\u2019il y ait des barreaux ou des rideaux en chintz aux fen\u00eatres, les r\u00e9sidents restent de la volaille en batterie \u00e9lev\u00e9e pour l\u2019argent.&nbsp;<\/em>\u00bb<\/p>\n","protected":false},"excerpt":{"rendered":"<p>Lionel Shriver \u00ab&nbsp;A prendre ou \u00e0 laisser&nbsp;\u00bb, \u00e9ditions Belfond Kay et Cyril d\u00e9cident de mettre fin \u00e0 leurs jours ensemble \u00e0 leurs quavre-vingt [&hellip;]<\/p>\n","protected":false},"author":1,"featured_media":210,"comment_status":"open","ping_status":"open","sticky":false,"template":"","format":"standard","meta":{"footnotes":""},"categories":[7],"tags":[],"class_list":["post-209","post","type-post","status-publish","format-standard","has-post-thumbnail","hentry","category-notes-de-lectures"],"_links":{"self":[{"href":"https:\/\/librairielebazarutopique.fr\/index.php\/wp-json\/wp\/v2\/posts\/209","targetHints":{"allow":["GET"]}}],"collection":[{"href":"https:\/\/librairielebazarutopique.fr\/index.php\/wp-json\/wp\/v2\/posts"}],"about":[{"href":"https:\/\/librairielebazarutopique.fr\/index.php\/wp-json\/wp\/v2\/types\/post"}],"author":[{"embeddable":true,"href":"https:\/\/librairielebazarutopique.fr\/index.php\/wp-json\/wp\/v2\/users\/1"}],"replies":[{"embeddable":true,"href":"https:\/\/librairielebazarutopique.fr\/index.php\/wp-json\/wp\/v2\/comments?post=209"}],"version-history":[{"count":1,"href":"https:\/\/librairielebazarutopique.fr\/index.php\/wp-json\/wp\/v2\/posts\/209\/revisions"}],"predecessor-version":[{"id":211,"href":"https:\/\/librairielebazarutopique.fr\/index.php\/wp-json\/wp\/v2\/posts\/209\/revisions\/211"}],"wp:featuredmedia":[{"embeddable":true,"href":"https:\/\/librairielebazarutopique.fr\/index.php\/wp-json\/wp\/v2\/media\/210"}],"wp:attachment":[{"href":"https:\/\/librairielebazarutopique.fr\/index.php\/wp-json\/wp\/v2\/media?parent=209"}],"wp:term":[{"taxonomy":"category","embeddable":true,"href":"https:\/\/librairielebazarutopique.fr\/index.php\/wp-json\/wp\/v2\/categories?post=209"},{"taxonomy":"post_tag","embeddable":true,"href":"https:\/\/librairielebazarutopique.fr\/index.php\/wp-json\/wp\/v2\/tags?post=209"}],"curies":[{"name":"wp","href":"https:\/\/api.w.org\/{rel}","templated":true}]}}