{"id":115,"date":"2022-11-30T15:41:42","date_gmt":"2022-11-30T14:41:42","guid":{"rendered":"http:\/\/librairielebazarutopique.fr\/?p=115"},"modified":"2022-11-30T15:41:42","modified_gmt":"2022-11-30T14:41:42","slug":"ouverture-les-dimanches-en-decembre","status":"publish","type":"post","link":"https:\/\/librairielebazarutopique.fr\/index.php\/2022\/11\/30\/ouverture-les-dimanches-en-decembre\/","title":{"rendered":"Ouverture les dimanches en d\u00e9cembre"},"content":{"rendered":"\n<figure class=\"wp-block-image size-full\"><img loading=\"lazy\" decoding=\"async\" width=\"787\" height=\"960\" src=\"http:\/\/librairielebazarutopique.fr\/wp-content\/uploads\/2022\/11\/317539837_10160422026680816_247150673186691178_n.jpg\" alt=\"\" class=\"wp-image-116\" srcset=\"https:\/\/librairielebazarutopique.fr\/wp-content\/uploads\/2022\/11\/317539837_10160422026680816_247150673186691178_n.jpg 787w, https:\/\/librairielebazarutopique.fr\/wp-content\/uploads\/2022\/11\/317539837_10160422026680816_247150673186691178_n-246x300.jpg 246w, https:\/\/librairielebazarutopique.fr\/wp-content\/uploads\/2022\/11\/317539837_10160422026680816_247150673186691178_n-768x937.jpg 768w\" sizes=\"auto, (max-width: 787px) 100vw, 787px\" \/><\/figure>\n\n\n\n<p>D\u00e9cembre approche et avec lui son lot de festivit\u00e9s ! Que vous soyez des angoiss\u00e9s de No\u00ebl ou des enthousiastes de la guirlande, sachez que le bazar utopique sera exceptionnellement ouvert les dimanches 4, 11 et 18 d\u00e9cembre de 10h \u00e0 19h (pour le reste \u00e7a ne change pas : du mardi au vendredi de 10h \u00e0 19h et le samedi de 9h \u00e0 19h). N&#8217;h\u00e9sitez pas \u00e0 nous faire passer vos listes au P\u00e8re No\u00ebl d\u00e8s que possible, parce que m\u00eame chez les lutins il y a des probl\u00e8mes de papier et de livraison !! Au plaisir de vous voir <img loading=\"lazy\" decoding=\"async\" width=\"16\" height=\"16\" src=\"https:\/\/static.xx.fbcdn.net\/images\/emoji.php\/v9\/t60\/1.5\/16\/1f384.png\" alt=\"\ud83c\udf84\"><\/p>\n","protected":false},"excerpt":{"rendered":"<p>D\u00e9cembre approche et avec lui son lot de festivit\u00e9s ! Que vous soyez des angoiss\u00e9s de No\u00ebl ou des enthousiastes de la guirlande, [&hellip;]<\/p>\n","protected":false},"author":1,"featured_media":116,"comment_status":"open","ping_status":"open","sticky":false,"template":"","format":"standard","meta":{"footnotes":""},"categories":[8],"tags":[],"class_list":["post-115","post","type-post","status-publish","format-standard","has-post-thumbnail","hentry","category-actualites"],"_links":{"self":[{"href":"https:\/\/librairielebazarutopique.fr\/index.php\/wp-json\/wp\/v2\/posts\/115","targetHints":{"allow":["GET"]}}],"collection":[{"href":"https:\/\/librairielebazarutopique.fr\/index.php\/wp-json\/wp\/v2\/posts"}],"about":[{"href":"https:\/\/librairielebazarutopique.fr\/index.php\/wp-json\/wp\/v2\/types\/post"}],"author":[{"embeddable":true,"href":"https:\/\/librairielebazarutopique.fr\/index.php\/wp-json\/wp\/v2\/users\/1"}],"replies":[{"embeddable":true,"href":"https:\/\/librairielebazarutopique.fr\/index.php\/wp-json\/wp\/v2\/comments?post=115"}],"version-history":[{"count":1,"href":"https:\/\/librairielebazarutopique.fr\/index.php\/wp-json\/wp\/v2\/posts\/115\/revisions"}],"predecessor-version":[{"id":117,"href":"https:\/\/librairielebazarutopique.fr\/index.php\/wp-json\/wp\/v2\/posts\/115\/revisions\/117"}],"wp:featuredmedia":[{"embeddable":true,"href":"https:\/\/librairielebazarutopique.fr\/index.php\/wp-json\/wp\/v2\/media\/116"}],"wp:attachment":[{"href":"https:\/\/librairielebazarutopique.fr\/index.php\/wp-json\/wp\/v2\/media?parent=115"}],"wp:term":[{"taxonomy":"category","embeddable":true,"href":"https:\/\/librairielebazarutopique.fr\/index.php\/wp-json\/wp\/v2\/categories?post=115"},{"taxonomy":"post_tag","embeddable":true,"href":"https:\/\/librairielebazarutopique.fr\/index.php\/wp-json\/wp\/v2\/tags?post=115"}],"curies":[{"name":"wp","href":"https:\/\/api.w.org\/{rel}","templated":true}]}}